  {"id":10796,"date":"2021-03-23T13:55:17","date_gmt":"2021-03-23T13:55:17","guid":{"rendered":"https:\/\/www.accord-langues.com\/?p=10796"},"modified":"2025-05-19T11:10:49","modified_gmt":"2025-05-19T10:10:49","slug":"comment-ameliorer-votre-francais","status":"publish","type":"post","link":"https:\/\/www.accord-langues.com\/fr\/comment-ameliorer-votre-francais\/","title":{"rendered":"Comment am\u00e9liorer votre fran\u00e7ais \u00e0 l&rsquo;institut ÃÛÌÒ´«Ã½ Paris"},"content":{"rendered":"<h2><span style=\"color: #ff6600;\"><strong>Comment am\u00e9liorer votre fran\u00e7ais efficacement et avec plaisir \u00e0 l&rsquo;institut ÃÛÌÒ´«Ã½ Paris?<\/strong><\/span><\/h2>\n<p>En suivant <a href=\"https:\/\/www.accord-langues.com\/fr\/cours-de-francais-pour-adulte-en-france\/\" target=\"_blank\" rel=\"noopener\">un cours de fran\u00e7ais<\/a> \u00e0 <a href=\"https:\/\/www.accord-langues.com\/fr\/accord-3bis-rue-jean-pierre-bloch-75015-paris\/\" target=\"_blank\" rel=\"noopener\">l&rsquo;institut ÃÛÌÒ´«Ã½<\/a> vous allez am\u00e9liorer votre fran\u00e7ais en travaillant sur ces quatre aspects de la langue: <a href=\"https:\/\/www.accord-langues.com\/fr\/la-pedagogie-accord\/\" target=\"_blank\" rel=\"noopener\">la compr\u00e9hension \u00e9crite et orale<\/a>, mais aussi <a href=\"https:\/\/www.accord-langues.com\/fr\/la-pedagogie-accord\/\" target=\"_blank\" rel=\"noopener\">l\u2019expression \u00e9crite et orale<\/a>.<\/p>\n<p>Vous avez besoin d\u2019am\u00e9liorer votre fran\u00e7ais pour pouvoir r\u00e9diger des mails \u00e0 envoyer \u00e0 des interlocuteurs fran\u00e7ais?<br \/>\nVous avez besoin de t\u00e9l\u00e9phoner et de vous faire comprendre en fran\u00e7ais aupr\u00e8s de clients ou de partenaires commerciaux fran\u00e7ais?<br \/>\nVous devez r\u00e9diger un rapport ou un compte-rendu de r\u00e9union en fran\u00e7ais?<br \/>\nVous devez r\u00e9diger une proposition commerciale en fran\u00e7ais?<br \/>\nQuel que soit le motif, vous souhaitez ou devez am\u00e9liorer vos comp\u00e9tences \u00e0 l\u2019oral et \u00e0 l\u2019\u00e9crit en fran\u00e7ais?<br \/>\nAlors voici dans cet article de <a href=\"https:\/\/www.accord-langues.com\/fr\/blog-accord-paris\/\" target=\"_blank\" rel=\"noopener\">notre magazine<\/a> <strong>quelques conseils qui vous seront tr\u00e8s utiles!<\/strong><\/p>\n<h3><span style=\"color: #ff6600;\">Comment am\u00e9liorer votre fran\u00e7ais efficacement et avec plaisir?<\/span><\/h3>\n<p>Vous avez des difficult\u00e9s \u00e0 comprendre et \u00e0 vous exprimer en fran\u00e7ais ?<br \/>\nLa meilleure solution est bien entendu de venir <a href=\"https:\/\/www.accord-langues.com\/fr\/\" target=\"_blank\" rel=\"noopener noreferrer\">apprendre le fran\u00e7ais en France<\/a>, pour am\u00e9liorer rapidement votre niveau. <a href=\"https:\/\/www.accord-langues.com\/fr\/cours\/cours-intensif-de-francais-d\/\" target=\"_blank\" rel=\"noopener noreferrer\">Un cours en immersion en France<\/a> est la formule id\u00e9ale pour faire des progr\u00e8s rapides, car non seulement vous suivrez un cours intensif ou super-intensif plut\u00f4t que semi-intensif, mais vous devrez <a href=\"https:\/\/www.accord-langues.com\/fr\/decouvrez-paris\/\" target=\"_blank\" rel=\"noopener\">pratiquer votre fran\u00e7ais dans Paris<\/a> quand vous irez dans un caf\u00e9, au restaurant, dans un magasin, visiter un mus\u00e9e ou un monument\u2026 Vous serez ainsi en immersion compl\u00e8te avec la langue de Victor Hugo, Descartes ou Voltaire.<\/p>\n<h4><span style=\"color: #ff6600;\"><strong>Choisir <a style=\"color: #ff6600;\" href=\"https:\/\/www.accord-langues.com\/fr\/cours-intensif-de-francais-en-france-a-paris\/\" target=\"_blank\" rel=\"noopener\">un cours de fran\u00e7ais \u00e0 ÃÛÌÒ´«Ã½ Paris<\/a> pour am\u00e9liorer votre fran\u00e7ais efficacement et avec plaisir !<\/strong><\/span><\/h4>\n<p>En vous inscrivant \u00e0 <a href=\"https:\/\/www.accord-langues.com\/fr\/choisir-l-ecole-accord-tour-eiffel-a-paris\/\" target=\"_blank\" rel=\"noopener\">l&rsquo;\u00e9cole ÃÛÌÒ´«Ã½ Paris<\/a> vous choisirez <a href=\"https:\/\/www.accord-langues.com\/fr\/apprendre-le-francais-en-france-a-paris\/\" target=\"_blank\" rel=\"noopener\">un cours de fran\u00e7ais<\/a> dans <a href=\"https:\/\/www.accord-langues.com\/fr\/accreditations-ecole-de-francais\/\" target=\"_blank\" rel=\"noopener\">une \u00e9cole de FLE r\u00e9put\u00e9e<\/a> et <a href=\"https:\/\/www.accord-langues.com\/fr\/ecole-accord-labellisee-pour-la-cinquieme-fois\/\" target=\"_blank\" rel=\"noopener\">labellis\u00e9e Qualit\u00e9 FLE<\/a>. <a href=\"https:\/\/www.accord-langues.com\/fr\/nous-contacter\/\" target=\"_blank\" rel=\"noopener noreferrer\">Consultez-nous<\/a> et nous vous conseillerons sur <a href=\"https:\/\/www.accord-langues.com\/fr\/la-pedagogie-accord\/#LanguageLevels\" target=\"_blank\" rel=\"noopener noreferrer\">le cours le plus adapt\u00e9 \u00e0 votre niveau<\/a> et \u00e0 vos besoins, et qui vous permettra d\u2019am\u00e9liorer vos comp\u00e9tences \u00e0 l\u2019\u00e9crit comme \u00e0 l\u2019oral. Vous progresserez en ressentant le plaisir d\u2019apprendre!<\/p>\n<p><strong>Notre conseil:<\/strong> Pour que votre s\u00e9jour soit une r\u00e9ussite et que vous puissiez faire partager le plaisir que vous avez eu \u00e0 am\u00e9liorer votre fran\u00e7ais \u00e0 ÃÛÌÒ´«Ã½ Paris, pensez non seulement \u00e0 prendre des photos mais aussi \u00e0 \u00e9crire, jour apr\u00e8s jour, dans un cahier qui deviendra <strong>votre \u00ab\u00a0carnet de voyage en France\u00a0\u00bb<\/strong>. Expliquez ce que vous avez fait en classe, en <a href=\"https:\/\/www.paris-move.com\/cours-de-francais-pour-etudiants-etrangers\/\" target=\"_blank\" rel=\"noopener\">cours de fran\u00e7ais<\/a> \u00e0 <a href=\"https:\/\/www.accord-langues.com\/fr\/accord-3bis-rue-jean-pierre-bloch-75015-paris\/\" target=\"_blank\" rel=\"noopener\">l&rsquo;\u00e9cole ÃÛÌÒ´«Ã½<\/a>, d\u00e9crivez vos promenades dans Paris, les monuments que vous avez visit\u00e9s, les noms des bistrots parisiens dans lesquels vous avez bu votre caf\u00e9 et mang\u00e9 un croissant, les noms des plats que vous avez choisis et mang\u00e9s dans les restaurants, bars ou brasseries, <a href=\"https:\/\/www.accord-langues.com\/fr\/avis-temoignages-cours-francais\/\" target=\"_blank\" rel=\"noopener noreferrer\">les pr\u00e9noms et les noms des \u00e9tudiants qui \u00e9taient dans votre classe<\/a> et qui sont devenus des amis, leurs adresses postales et leurs adresses mail, et bien d\u2019autres choses que vous aurez faites dans Paris. Ce cahier sera pour vous un souvenir original, personnel et unique de votre apprentissage du <a href=\"https:\/\/www.accord-langues.com\/fr\/apprendre-le-francais-en-france\/\" target=\"_blank\" rel=\"noopener\">fran\u00e7ais en France<\/a>.<\/p>\n<p>D\u00e9couvrez et lisez ce qu\u2019une de nos \u00e9tudiantes avait \u00e9crit dans son cahier apr\u00e8s avoir particip\u00e9 \u00e0 notre grand concours annuel d\u2019\u00e9criture: <strong>\u201c<a href=\"https:\/\/www.accord-langues.com\/fr\/accord-ecole-de-langue-francaise-une-recette-d-excellence\/\" target=\"_blank\" rel=\"noopener\">ÃÛÌÒ´«Ã½ \u00e9cole de langue fran\u00e7aise \u2013 Une recette d\u2019excellence<\/a>\u201d<\/strong>, un tr\u00e8s beau texte.<\/p>\n<h4><span style=\"color: #ff6600;\"><strong>Choisissez <a style=\"color: #ff6600;\" href=\"https:\/\/www.accord-langues.com\/fr\/cours\/cours-intensif-de-francais-pm2-en-france\/\" target=\"_blank\" rel=\"noopener\">un cours de fran\u00e7ais<\/a> \u00e0 ÃÛÌÒ´«Ã½ Paris pour am\u00e9liorer votre fran\u00e7ais efficacement et avec plaisir!<\/strong><\/span><\/h4>\n<p><strong>N\u2019oubliez pas qu\u2019apprendre et <a href=\"https:\/\/www.accord-langues.com\/fr\/immersion-culturelle-a-paris-pour-etudiants-etrangers\/\" target=\"_blank\" rel=\"noopener\">pratiquer le fran\u00e7ais en France<\/a> est la meilleure solution.<\/strong> Pour cela, optez pour <a href=\"https:\/\/www.accord-langues.com\/fr\/cours\/cours-intensif-de-francais-en-france\/\" target=\"_blank\" rel=\"noopener\">un cours de fran\u00e7ais<\/a> dans une <a href=\"https:\/\/www.accord-langues.com\/fr\/accreditations-ecole-de-francais\/\" target=\"_blank\" rel=\"noopener\">\u00e9cole de FLE reconnue<\/a> et <a href=\"https:\/\/www.accord-langues.com\/fr\/ecole-accord-labellisee-pour-la-cinquieme-fois\/\" target=\"_blank\" rel=\"noopener\">labellis\u00e9e Qualit\u00e9 FLE<\/a>, et favorisez au maximum les situations qui vous permettront d\u2019am\u00e9liorer votre fran\u00e7ais aussi bien \u00e0 l\u2019oral qu\u2019\u00e0 l\u2019\u00e9crit.<\/p>\n<p>Alors, n\u2019attendez plus et venez suivre <a href=\"https:\/\/www.accord-langues.com\/fr\/\" target=\"_blank\" rel=\"noopener\">un cours de fran\u00e7ais \u00e0 ÃÛÌÒ´«Ã½ Paris<\/a>?<br \/>\nPour en savoir plus sur nos cours de fran\u00e7ais,\u00a0<a href=\"https:\/\/examensparis.fr\/contactez-examensparis\/\" target=\"_blank\" rel=\"noopener noreferrer\">contactez-nous<\/a><\/p>\n<p>&nbsp;<\/p>\n","protected":false},"excerpt":{"rendered":"<p>Comment am\u00e9liorer votre fran\u00e7ais efficacement et avec plaisir \u00e0 l&rsquo;institut ÃÛÌÒ´«Ã½ Paris? En suivant un cours de fran\u00e7ais \u00e0 l&rsquo;institut [&hellip;]<\/p>\n","protected":false},"author":10,"featured_media":10797,"comment_status":"closed","ping_status":"closed","sticky":false,"template":"","format":"standard","meta":{"_acf_changed":false,"footnotes":""},"categories":[10659],"tags":[10597,10596],"class_list":["post-10796","post","type-post","status-publish","format-standard","has-post-thumbnail","hentry","category-apprendre-le-francais","tag-accord-paris-fr","tag-ameliorer-votre-francais"],"acf":[],"yoast_head":"<!-- This site is optimized with the Yoast SEO Premium plugin v27.4 (Yoast SEO v27.4) - https:\/\/yoast.com\/product\/yoast-seo-premium-wordpress\/ -->\n<title>Comment am\u00e9liorer votre fran\u00e7ais \u00e0 l&#039;institut ÃÛÌÒ´«Ã½ Paris - Accord Paris<\/title>\n<meta name=\"description\" content=\"Comment am\u00e9liorer votre fran\u00e7ais efficacement et avec plaisir? En suivant un cours intensif ou semi-intensif \u00e0 ÃÛÌÒ´«Ã½, ou un cours en ligne!\" \/>\n<meta name=\"robots\" content=\"index, follow, max-snippet:-1, max-image-preview:large, max-video-preview:-1\" \/>\n<link rel=\"canonical\" href=\"https:\/\/www.accord-langues.com\/fr\/comment-ameliorer-votre-francais\/\" \/>\n<meta property=\"og:locale\" content=\"fr_FR\" \/>\n<meta property=\"og:type\" content=\"article\" \/>\n<meta property=\"og:title\" content=\"Comment am\u00e9liorer votre fran\u00e7ais \u00e0 l&#039;institut ÃÛÌÒ´«Ã½ Paris\" \/>\n<meta property=\"og:description\" content=\"Comment am\u00e9liorer votre fran\u00e7ais efficacement et avec plaisir? En suivant un cours intensif ou semi-intensif \u00e0 ÃÛÌÒ´«Ã½, ou un cours en ligne!\" \/>\n<meta property=\"og:url\" content=\"https:\/\/www.accord-langues.com\/fr\/comment-ameliorer-votre-francais\/\" \/>\n<meta property=\"og:site_name\" content=\"Accord Paris\" \/>\n<meta property=\"article:publisher\" content=\"https:\/\/www.facebook.com\/accordecoledelangues\" \/>\n<meta property=\"article:published_time\" content=\"2021-03-23T13:55:17+00:00\" \/>\n<meta property=\"article:modified_time\" content=\"2025-05-19T10:10:49+00:00\" \/>\n<meta property=\"og:image\" content=\"https:\/\/www.accord-langues.com\/wp-content\/uploads\/2021\/03\/FP-81.jpg\" \/>\n\t<meta property=\"og:image:width\" content=\"1600\" \/>\n\t<meta property=\"og:image:height\" content=\"1067\" \/>\n\t<meta property=\"og:image:type\" content=\"image\/jpeg\" \/>\n<meta name=\"author\" content=\"Fran\u00e7ois PFEIFFER\" \/>\n<meta name=\"twitter:card\" content=\"summary_large_image\" \/>\n<meta name=\"twitter:label1\" content=\"\u00c9crit par\" \/>\n\t<meta name=\"twitter:data1\" content=\"Fran\u00e7ois PFEIFFER\" \/>\n\t<meta name=\"twitter:label2\" content=\"Dur\u00e9e de lecture estim\u00e9e\" \/>\n\t<meta name=\"twitter:data2\" content=\"3 minutes\" \/>\n<script type=\"application\/ld+json\" class=\"yoast-schema-graph\">{\"@context\":\"https:\\\/\\\/schema.org\",\"@graph\":[{\"@type\":\"Article\",\"@id\":\"https:\\\/\\\/www.accord-langues.com\\\/fr\\\/comment-ameliorer-votre-francais\\\/#article\",\"isPartOf\":{\"@id\":\"https:\\\/\\\/www.accord-langues.com\\\/fr\\\/comment-ameliorer-votre-francais\\\/\"},\"author\":{\"name\":\"Fran\u00e7ois PFEIFFER\",\"@id\":\"https:\\\/\\\/www.accord-langues.com\\\/fr\\\/#\\\/schema\\\/person\\\/094b7403ccd70c90f43907c2f18fcd5c\"},\"headline\":\"Comment am\u00e9liorer votre fran\u00e7ais \u00e0 l&rsquo;institut ÃÛÌÒ´«Ã½ Paris\",\"datePublished\":\"2021-03-23T13:55:17+00:00\",\"dateModified\":\"2025-05-19T10:10:49+00:00\",\"mainEntityOfPage\":{\"@id\":\"https:\\\/\\\/www.accord-langues.com\\\/fr\\\/comment-ameliorer-votre-francais\\\/\"},\"wordCount\":685,\"publisher\":{\"@id\":\"https:\\\/\\\/www.accord-langues.com\\\/fr\\\/#organization\"},\"image\":{\"@id\":\"https:\\\/\\\/www.accord-langues.com\\\/fr\\\/comment-ameliorer-votre-francais\\\/#primaryimage\"},\"thumbnailUrl\":\"https:\\\/\\\/www.accord-langues.com\\\/wp-content\\\/uploads\\\/2021\\\/03\\\/FP-81.jpg\",\"keywords\":[\"ÃÛÌÒ´«Ã½ Paris\",\"am\u00e9liorer votre fran\u00e7ais\"],\"articleSection\":[\"Apprendre le fran\u00e7ais\"],\"inLanguage\":\"fr-FR\"},{\"@type\":\"WebPage\",\"@id\":\"https:\\\/\\\/www.accord-langues.com\\\/fr\\\/comment-ameliorer-votre-francais\\\/\",\"url\":\"https:\\\/\\\/www.accord-langues.com\\\/fr\\\/comment-ameliorer-votre-francais\\\/\",\"name\":\"Comment am\u00e9liorer votre fran\u00e7ais \u00e0 l'institut ÃÛÌÒ´«Ã½ Paris - Accord Paris\",\"isPartOf\":{\"@id\":\"https:\\\/\\\/www.accord-langues.com\\\/fr\\\/#website\"},\"primaryImageOfPage\":{\"@id\":\"https:\\\/\\\/www.accord-langues.com\\\/fr\\\/comment-ameliorer-votre-francais\\\/#primaryimage\"},\"image\":{\"@id\":\"https:\\\/\\\/www.accord-langues.com\\\/fr\\\/comment-ameliorer-votre-francais\\\/#primaryimage\"},\"thumbnailUrl\":\"https:\\\/\\\/www.accord-langues.com\\\/wp-content\\\/uploads\\\/2021\\\/03\\\/FP-81.jpg\",\"datePublished\":\"2021-03-23T13:55:17+00:00\",\"dateModified\":\"2025-05-19T10:10:49+00:00\",\"description\":\"Comment am\u00e9liorer votre fran\u00e7ais efficacement et avec plaisir? En suivant un cours intensif ou semi-intensif \u00e0 ÃÛÌÒ´«Ã½, ou un cours en ligne!\",\"inLanguage\":\"fr-FR\",\"potentialAction\":[{\"@type\":\"ReadAction\",\"target\":[\"https:\\\/\\\/www.accord-langues.com\\\/fr\\\/comment-ameliorer-votre-francais\\\/\"]}]},{\"@type\":\"ImageObject\",\"inLanguage\":\"fr-FR\",\"@id\":\"https:\\\/\\\/www.accord-langues.com\\\/fr\\\/comment-ameliorer-votre-francais\\\/#primaryimage\",\"url\":\"https:\\\/\\\/www.accord-langues.com\\\/wp-content\\\/uploads\\\/2021\\\/03\\\/FP-81.jpg\",\"contentUrl\":\"https:\\\/\\\/www.accord-langues.com\\\/wp-content\\\/uploads\\\/2021\\\/03\\\/FP-81.jpg\",\"width\":1600,\"height\":1067,\"caption\":\"Comment am\u00e9liorer votre fran\u00e7ais \u00e0 l'institut ÃÛÌÒ´«Ã½ Paris\"},{\"@type\":\"WebSite\",\"@id\":\"https:\\\/\\\/www.accord-langues.com\\\/fr\\\/#website\",\"url\":\"https:\\\/\\\/www.accord-langues.com\\\/fr\\\/\",\"name\":\"Accord Paris\",\"description\":\"Learn French in France\",\"publisher\":{\"@id\":\"https:\\\/\\\/www.accord-langues.com\\\/fr\\\/#organization\"},\"potentialAction\":[{\"@type\":\"SearchAction\",\"target\":{\"@type\":\"EntryPoint\",\"urlTemplate\":\"https:\\\/\\\/www.accord-langues.com\\\/fr\\\/?s={search_term_string}\"},\"query-input\":{\"@type\":\"PropertyValueSpecification\",\"valueRequired\":true,\"valueName\":\"search_term_string\"}}],\"inLanguage\":\"fr-FR\"},{\"@type\":\"Organization\",\"@id\":\"https:\\\/\\\/www.accord-langues.com\\\/fr\\\/#organization\",\"name\":\"ÃÛÌÒ´«Ã½ Tour Eiffel\",\"alternateName\":\"Learn French in Paris\",\"url\":\"https:\\\/\\\/www.accord-langues.com\\\/fr\\\/\",\"logo\":{\"@type\":\"ImageObject\",\"inLanguage\":\"fr-FR\",\"@id\":\"https:\\\/\\\/www.accord-langues.com\\\/fr\\\/#\\\/schema\\\/logo\\\/image\\\/\",\"url\":\"https:\\\/\\\/www.accord-langues.com\\\/wp-content\\\/uploads\\\/2016\\\/06\\\/Logo.png\",\"contentUrl\":\"https:\\\/\\\/www.accord-langues.com\\\/wp-content\\\/uploads\\\/2016\\\/06\\\/Logo.png\",\"width\":290,\"height\":70,\"caption\":\"ÃÛÌÒ´«Ã½ Tour Eiffel\"},\"image\":{\"@id\":\"https:\\\/\\\/www.accord-langues.com\\\/fr\\\/#\\\/schema\\\/logo\\\/image\\\/\"},\"sameAs\":[\"https:\\\/\\\/www.facebook.com\\\/accordecoledelangues\",\"https:\\\/\\\/www.linkedin.com\\\/groups\\\/4542133\\\/\"],\"description\":\"ÃÛÌÒ´«Ã½ French Language School is one of the leading schools in France for teaching French to foreign students and offering high quality French language courses in Paris. The ÃÛÌÒ´«Ã½ language school is located in the heart of Paris, nearby the Eiffel Tower. The ÃÛÌÒ´«Ã½ school is open all year round and welcomes students from all over the world from the age of 16 in its French language courses. ÃÛÌÒ´«Ã½ school is accredited by the official \u201cQualit\u00e9 FLE\u201d label and is member of CAMPUS FRANCE, SOUFFLE and Atout France. ÃÛÌÒ´«Ã½ is official exam center for the TCF IRN, TCF TP, TCF Qu\u00e9bec and TCF Canada.\",\"email\":\"info@accord-langues.com\",\"telephone\":\"+33155335233\",\"legalName\":\"FORUM ÃÛÌÒ´«Ã½\",\"foundingDate\":\"1990-02-23\",\"numberOfEmployees\":{\"@type\":\"QuantitativeValue\",\"minValue\":\"11\",\"maxValue\":\"50\"}},{\"@type\":\"Person\",\"@id\":\"https:\\\/\\\/www.accord-langues.com\\\/fr\\\/#\\\/schema\\\/person\\\/094b7403ccd70c90f43907c2f18fcd5c\",\"name\":\"Fran\u00e7ois PFEIFFER\",\"url\":\"https:\\\/\\\/www.accord-langues.com\\\/fr\\\/author\\\/ffpnat-21-05\\\/\"}]}<\/script>\n<!-- \/ Yoast SEO Premium plugin. -->","yoast_head_json":{"title":"Comment am\u00e9liorer votre fran\u00e7ais \u00e0 l'institut ÃÛÌÒ´«Ã½ Paris - Accord Paris","description":"Comment am\u00e9liorer votre fran\u00e7ais efficacement et avec plaisir? En suivant un cours intensif ou semi-intensif \u00e0 ÃÛÌÒ´«Ã½, ou un cours en ligne!","robots":{"index":"index","follow":"follow","max-snippet":"max-snippet:-1","max-image-preview":"max-image-preview:large","max-video-preview":"max-video-preview:-1"},"canonical":"https:\/\/www.accord-langues.com\/fr\/comment-ameliorer-votre-francais\/","og_locale":"fr_FR","og_type":"article","og_title":"Comment am\u00e9liorer votre fran\u00e7ais \u00e0 l'institut ÃÛÌÒ´«Ã½ Paris","og_description":"Comment am\u00e9liorer votre fran\u00e7ais efficacement et avec plaisir? En suivant un cours intensif ou semi-intensif \u00e0 ÃÛÌÒ´«Ã½, ou un cours en ligne!","og_url":"https:\/\/www.accord-langues.com\/fr\/comment-ameliorer-votre-francais\/","og_site_name":"Accord Paris","article_publisher":"https:\/\/www.facebook.com\/accordecoledelangues","article_published_time":"2021-03-23T13:55:17+00:00","article_modified_time":"2025-05-19T10:10:49+00:00","og_image":[{"width":1600,"height":1067,"url":"https:\/\/www.accord-langues.com\/wp-content\/uploads\/2021\/03\/FP-81.jpg","type":"image\/jpeg"}],"author":"Fran\u00e7ois PFEIFFER","twitter_card":"summary_large_image","twitter_misc":{"\u00c9crit par":"Fran\u00e7ois PFEIFFER","Dur\u00e9e de lecture estim\u00e9e":"3 minutes"},"schema":{"@context":"https:\/\/schema.org","@graph":[{"@type":"Article","@id":"https:\/\/www.accord-langues.com\/fr\/comment-ameliorer-votre-francais\/#article","isPartOf":{"@id":"https:\/\/www.accord-langues.com\/fr\/comment-ameliorer-votre-francais\/"},"author":{"name":"Fran\u00e7ois PFEIFFER","@id":"https:\/\/www.accord-langues.com\/fr\/#\/schema\/person\/094b7403ccd70c90f43907c2f18fcd5c"},"headline":"Comment am\u00e9liorer votre fran\u00e7ais \u00e0 l&rsquo;institut ÃÛÌÒ´«Ã½ Paris","datePublished":"2021-03-23T13:55:17+00:00","dateModified":"2025-05-19T10:10:49+00:00","mainEntityOfPage":{"@id":"https:\/\/www.accord-langues.com\/fr\/comment-ameliorer-votre-francais\/"},"wordCount":685,"publisher":{"@id":"https:\/\/www.accord-langues.com\/fr\/#organization"},"image":{"@id":"https:\/\/www.accord-langues.com\/fr\/comment-ameliorer-votre-francais\/#primaryimage"},"thumbnailUrl":"https:\/\/www.accord-langues.com\/wp-content\/uploads\/2021\/03\/FP-81.jpg","keywords":["ÃÛÌÒ´«Ã½ Paris","am\u00e9liorer votre fran\u00e7ais"],"articleSection":["Apprendre le fran\u00e7ais"],"inLanguage":"fr-FR"},{"@type":"WebPage","@id":"https:\/\/www.accord-langues.com\/fr\/comment-ameliorer-votre-francais\/","url":"https:\/\/www.accord-langues.com\/fr\/comment-ameliorer-votre-francais\/","name":"Comment am\u00e9liorer votre fran\u00e7ais \u00e0 l'institut ÃÛÌÒ´«Ã½ Paris - Accord Paris","isPartOf":{"@id":"https:\/\/www.accord-langues.com\/fr\/#website"},"primaryImageOfPage":{"@id":"https:\/\/www.accord-langues.com\/fr\/comment-ameliorer-votre-francais\/#primaryimage"},"image":{"@id":"https:\/\/www.accord-langues.com\/fr\/comment-ameliorer-votre-francais\/#primaryimage"},"thumbnailUrl":"https:\/\/www.accord-langues.com\/wp-content\/uploads\/2021\/03\/FP-81.jpg","datePublished":"2021-03-23T13:55:17+00:00","dateModified":"2025-05-19T10:10:49+00:00","description":"Comment am\u00e9liorer votre fran\u00e7ais efficacement et avec plaisir? En suivant un cours intensif ou semi-intensif \u00e0 ÃÛÌÒ´«Ã½, ou un cours en ligne!","inLanguage":"fr-FR","potentialAction":[{"@type":"ReadAction","target":["https:\/\/www.accord-langues.com\/fr\/comment-ameliorer-votre-francais\/"]}]},{"@type":"ImageObject","inLanguage":"fr-FR","@id":"https:\/\/www.accord-langues.com\/fr\/comment-ameliorer-votre-francais\/#primaryimage","url":"https:\/\/www.accord-langues.com\/wp-content\/uploads\/2021\/03\/FP-81.jpg","contentUrl":"https:\/\/www.accord-langues.com\/wp-content\/uploads\/2021\/03\/FP-81.jpg","width":1600,"height":1067,"caption":"Comment am\u00e9liorer votre fran\u00e7ais \u00e0 l'institut ÃÛÌÒ´«Ã½ Paris"},{"@type":"WebSite","@id":"https:\/\/www.accord-langues.com\/fr\/#website","url":"https:\/\/www.accord-langues.com\/fr\/","name":"Accord Paris","description":"Learn French in France","publisher":{"@id":"https:\/\/www.accord-langues.com\/fr\/#organization"},"potentialAction":[{"@type":"SearchAction","target":{"@type":"EntryPoint","urlTemplate":"https:\/\/www.accord-langues.com\/fr\/?s={search_term_string}"},"query-input":{"@type":"PropertyValueSpecification","valueRequired":true,"valueName":"search_term_string"}}],"inLanguage":"fr-FR"},{"@type":"Organization","@id":"https:\/\/www.accord-langues.com\/fr\/#organization","name":"ÃÛÌÒ´«Ã½ Tour Eiffel","alternateName":"Learn French in Paris","url":"https:\/\/www.accord-langues.com\/fr\/","logo":{"@type":"ImageObject","inLanguage":"fr-FR","@id":"https:\/\/www.accord-langues.com\/fr\/#\/schema\/logo\/image\/","url":"https:\/\/www.accord-langues.com\/wp-content\/uploads\/2016\/06\/Logo.png","contentUrl":"https:\/\/www.accord-langues.com\/wp-content\/uploads\/2016\/06\/Logo.png","width":290,"height":70,"caption":"ÃÛÌÒ´«Ã½ Tour Eiffel"},"image":{"@id":"https:\/\/www.accord-langues.com\/fr\/#\/schema\/logo\/image\/"},"sameAs":["https:\/\/www.facebook.com\/accordecoledelangues","https:\/\/www.linkedin.com\/groups\/4542133\/"],"description":"ÃÛÌÒ´«Ã½ French Language School is one of the leading schools in France for teaching French to foreign students and offering high quality French language courses in Paris. The ÃÛÌÒ´«Ã½ language school is located in the heart of Paris, nearby the Eiffel Tower. The ÃÛÌÒ´«Ã½ school is open all year round and welcomes students from all over the world from the age of 16 in its French language courses. ÃÛÌÒ´«Ã½ school is accredited by the official \u201cQualit\u00e9 FLE\u201d label and is member of CAMPUS FRANCE, SOUFFLE and Atout France. ÃÛÌÒ´«Ã½ is official exam center for the TCF IRN, TCF TP, TCF Qu\u00e9bec and TCF Canada.","email":"info@accord-langues.com","telephone":"+33155335233","legalName":"FORUM ÃÛÌÒ´«Ã½","foundingDate":"1990-02-23","numberOfEmployees":{"@type":"QuantitativeValue","minValue":"11","maxValue":"50"}},{"@type":"Person","@id":"https:\/\/www.accord-langues.com\/fr\/#\/schema\/person\/094b7403ccd70c90f43907c2f18fcd5c","name":"Fran\u00e7ois PFEIFFER","url":"https:\/\/www.accord-langues.com\/fr\/author\/ffpnat-21-05\/"}]}},"_links":{"self":[{"href":"https:\/\/www.accord-langues.com\/fr\/wp-json\/wp\/v2\/posts\/10796","targetHints":{"allow":["GET"]}}],"collection":[{"href":"https:\/\/www.accord-langues.com\/fr\/wp-json\/wp\/v2\/posts"}],"about":[{"href":"https:\/\/www.accord-langues.com\/fr\/wp-json\/wp\/v2\/types\/post"}],"author":[{"embeddable":true,"href":"https:\/\/www.accord-langues.com\/fr\/wp-json\/wp\/v2\/users\/10"}],"replies":[{"embeddable":true,"href":"https:\/\/www.accord-langues.com\/fr\/wp-json\/wp\/v2\/comments?post=10796"}],"version-history":[{"count":0,"href":"https:\/\/www.accord-langues.com\/fr\/wp-json\/wp\/v2\/posts\/10796\/revisions"}],"wp:featuredmedia":[{"embeddable":true,"href":"https:\/\/www.accord-langues.com\/fr\/wp-json\/wp\/v2\/media\/10797"}],"wp:attachment":[{"href":"https:\/\/www.accord-langues.com\/fr\/wp-json\/wp\/v2\/media?parent=10796"}],"wp:term":[{"taxonomy":"category","embeddable":true,"href":"https:\/\/www.accord-langues.com\/fr\/wp-json\/wp\/v2\/categories?post=10796"},{"taxonomy":"post_tag","embeddable":true,"href":"https:\/\/www.accord-langues.com\/fr\/wp-json\/wp\/v2\/tags?post=10796"}],"curies":[{"name":"wp","href":"https:\/\/api.w.org\/{rel}","templated":true}]}}